{"id":1020,"date":"2019-01-03T12:23:15","date_gmt":"2019-01-03T11:23:15","guid":{"rendered":"https:\/\/bursanaklo.pl\/?p=1020"},"modified":"2019-01-03T12:23:15","modified_gmt":"2019-01-03T11:23:15","slug":"wigilia-w-bursie-3","status":"publish","type":"post","link":"https:\/\/bursanaklo.pl\/index.php\/2019\/01\/03\/wigilia-w-bursie-3\/","title":{"rendered":"Wigilia w Bursie"},"content":{"rendered":"\n\t\t\t\t\n<p>Tradycyjnie ju\u017c 13-ty raz Bursiaki wraz z Wychowawcami i Pracownikami Obs\u0142ugi spotkali si\u0119 na kolacji wigilijnej. Ka\u017cde Bo\u017ce Narodzenie to czas w kt\u00f3rym zdecydowana wi\u0119kszo\u015b\u0107 wychowank\u00f3w czuje pewne podniecenie. Ju\u017c  wcze\u015bniej wychowankowie dekorowali pierniki i przygotowali ma\u0142e ich paczuszki dla wszystkich uczestnik\u00f3w tej uroczystej kolacji. Od kilku ju\u017c lat przed kolacj\u0105 s\u0105 prezentowane pi\u0119kne jase\u0142ka. Tym razem ich motywem by\u0142o &#8222;100-lecie niepodleg\u0142o\u015bci Polski&#8221; ale ca\u0142o\u015b\u0107 sk\u0142ada\u0142a si\u0119 na pokazaniu okresu lat 20-30-tych XX wieku, okres wojny, czasu powstania &#8222;Solidarno\u015bci&#8221;, migawek z ogarni\u0119tej wojn\u0105 Syrii<\/p>\n\n\n\n<p>Jase\u0142ka pokaza\u0142y, \u017ce tak jak Maria z J\u00f3zefem i narodzonym Chrystusem 2000 lat temu nie mogli znale\u017a\u0107 dla siebie cichego k\u0105ta, tak do dnia dzisiejszego ludzie migruj\u0105 przed wojn\u0105 , bied\u0105 i jak ma\u0142o ludzi che im pom\u00f3c, pomimo \u017ce w s\u0142owach prawie wszyscy s\u0105 \u017cyczliwi i mi\u0142osierni &#8211; ale tylko w pustos\u0142owiu. Ka\u017cdy z uczestnik\u00f3w mia\u0142 czas na chwil\u0119 refleksji.<\/p>\n\n\n\n<p>Naszymi go\u015b\u0107mi byli jak co roku Dyrektor, Pedagog i Kierownik Gospodarczy ZS CKR, proboszcz E. Bill, po raz trzeci przedstawiciele Stowarzyszenia Absolwent\u00f3w Szk\u00f3\u0142 Rolniczych i kilku by\u0142ych absolwent\u00f3w. Po raz pierwszy go\u015bciem by\u0142 przedstawiciel Starostwa Powiatowego z Tarnowskich G\u00f3r &#8211; Wicestarosta Sebastian Nowak i W\u00f3jt Gminy \u015awierklaniec &#8211; Marek Cyl.<\/p>\n\n\n\n<p>Po kolacji i wsp\u00f3lnym \u015bpiewaniu kol\u0119d, przyszed\u0142 czas na prezenty. W tym roku Bursiaki otrzymali odkurzacz, opiekacz i gr\u0119 pi\u0142karzyki.<\/p>\n\n\n\n<ul class=\"wp-block-gallery columns-3 is-cropped wp-block-gallery-1 is-layout-flex wp-block-gallery-is-layout-flex\"><li class=\"blocks-gallery-item\"><figure><img decoding=\"async\" src=\"https:\/\/bursanaklo.pl\/wp-content\/uploads\/2019\/01\/DSCN4743-1024x768.jpg\" alt=\"\" data-id=\"1023\" data-link=\"https:\/\/bursanaklo.pl\/wigilia-w-bursie-3\/dscn4743\/\" class=\"wp-image-1023\"\/><\/figure><\/li><li class=\"blocks-gallery-item\"><figure><img decoding=\"async\" src=\"https:\/\/bursanaklo.pl\/wp-content\/uploads\/2019\/01\/DSCN4744-1024x768.jpg\" alt=\"\" data-id=\"1024\" data-link=\"https:\/\/bursanaklo.pl\/wigilia-w-bursie-3\/dscn4744\/\" class=\"wp-image-1024\"\/><\/figure><\/li><li class=\"blocks-gallery-item\"><figure><img decoding=\"async\" src=\"https:\/\/bursanaklo.pl\/wp-content\/uploads\/2019\/01\/DSCN4745-1024x768.jpg\" alt=\"\" data-id=\"1025\" data-link=\"https:\/\/bursanaklo.pl\/wigilia-w-bursie-3\/dscn4745\/\" class=\"wp-image-1025\"\/><\/figure><\/li><li class=\"blocks-gallery-item\"><figure><img decoding=\"async\" src=\"https:\/\/bursanaklo.pl\/wp-content\/uploads\/2019\/01\/DSCN4746-1024x768.jpg\" alt=\"\" data-id=\"1026\" data-link=\"https:\/\/bursanaklo.pl\/wigilia-w-bursie-3\/dscn4746\/\" class=\"wp-image-1026\"\/><\/figure><\/li><li class=\"blocks-gallery-item\"><figure><img decoding=\"async\" src=\"https:\/\/bursanaklo.pl\/wp-content\/uploads\/2019\/01\/DSCN4747-1024x768.jpg\" alt=\"\" data-id=\"1027\" data-link=\"https:\/\/bursanaklo.pl\/wigilia-w-bursie-3\/dscn4747\/\" class=\"wp-image-1027\"\/><\/figure><\/li><li class=\"blocks-gallery-item\"><figure><img decoding=\"async\" src=\"https:\/\/bursanaklo.pl\/wp-content\/uploads\/2019\/01\/P1130015-1024x575.jpg\" alt=\"\" data-id=\"1033\" data-link=\"https:\/\/bursanaklo.pl\/wigilia-w-bursie-3\/p1130015\/\" class=\"wp-image-1033\"\/><\/figure><\/li><li class=\"blocks-gallery-item\"><figure><img decoding=\"async\" src=\"https:\/\/bursanaklo.pl\/wp-content\/uploads\/2019\/01\/P1130029-1024x575.jpg\" alt=\"\" data-id=\"1034\" data-link=\"https:\/\/bursanaklo.pl\/wigilia-w-bursie-3\/p1130029\/\" class=\"wp-image-1034\"\/><\/figure><\/li><li class=\"blocks-gallery-item\"><figure><img decoding=\"async\" src=\"https:\/\/bursanaklo.pl\/wp-content\/uploads\/2019\/01\/SDC11009-1024x768.jpg\" alt=\"\" data-id=\"1035\" data-link=\"https:\/\/bursanaklo.pl\/wigilia-w-bursie-3\/sdc11009\/\" class=\"wp-image-1035\"\/><\/figure><\/li><li class=\"blocks-gallery-item\"><figure><img decoding=\"async\" src=\"https:\/\/bursanaklo.pl\/wp-content\/uploads\/2019\/01\/SDC11019-1024x768.jpg\" alt=\"\" data-id=\"1032\" data-link=\"https:\/\/bursanaklo.pl\/wigilia-w-bursie-3\/sdc11019\/\" class=\"wp-image-1032\"\/><\/figure><\/li><li class=\"blocks-gallery-item\"><figure><img decoding=\"async\" src=\"https:\/\/bursanaklo.pl\/wp-content\/uploads\/2019\/01\/SDC11016-1024x768.jpg\" alt=\"\" data-id=\"1036\" data-link=\"https:\/\/bursanaklo.pl\/wigilia-w-bursie-3\/sdc11016\/\" class=\"wp-image-1036\"\/><\/figure><\/li><li class=\"blocks-gallery-item\"><figure><img decoding=\"async\" src=\"https:\/\/bursanaklo.pl\/wp-content\/uploads\/2019\/01\/SDC11017-768x1024.jpg\" alt=\"\" data-id=\"1037\" data-link=\"https:\/\/bursanaklo.pl\/wigilia-w-bursie-3\/sdc11017\/\" class=\"wp-image-1037\"\/><\/figure><\/li><\/ul>\n\t\t","protected":false},"excerpt":{"rendered":"<p>Tradycyjnie ju\u017c 13-ty raz Bursiaki wraz z Wychowawcami i Pracownikami Obs\u0142ugi spotkali si\u0119 na kolacji wigilijnej. Ka\u017cde Bo\u017ce Narodzenie to czas w kt\u00f3rym zdecydowana wi\u0119kszo\u015b\u0107 wychowank\u00f3w czuje pewne podniecenie. Ju\u017c wcze\u015bniej wychowankowie dekorowali pierniki i przygotowali ma\u0142e ich paczuszki dla wszystkich uczestnik\u00f3w tej uroczystej kolacji. Od kilku ju\u017c lat przed [&hellip;]<\/p>\n","protected":false},"author":1,"featured_media":0,"comment_status":"closed","ping_status":"open","sticky":false,"template":"","format":"standard","meta":{"ngg_post_thumbnail":0,"footnotes":""},"categories":[25],"tags":[],"class_list":["post-1020","post","type-post","status-publish","format-standard","hentry","category-bez-kategorii"],"_links":{"self":[{"href":"https:\/\/bursanaklo.pl\/index.php\/wp-json\/wp\/v2\/posts\/1020","targetHints":{"allow":["GET"]}}],"collection":[{"href":"https:\/\/bursanaklo.pl\/index.php\/wp-json\/wp\/v2\/posts"}],"about":[{"href":"https:\/\/bursanaklo.pl\/index.php\/wp-json\/wp\/v2\/types\/post"}],"author":[{"embeddable":true,"href":"https:\/\/bursanaklo.pl\/index.php\/wp-json\/wp\/v2\/users\/1"}],"replies":[{"embeddable":true,"href":"https:\/\/bursanaklo.pl\/index.php\/wp-json\/wp\/v2\/comments?post=1020"}],"version-history":[{"count":0,"href":"https:\/\/bursanaklo.pl\/index.php\/wp-json\/wp\/v2\/posts\/1020\/revisions"}],"wp:attachment":[{"href":"https:\/\/bursanaklo.pl\/index.php\/wp-json\/wp\/v2\/media?parent=1020"}],"wp:term":[{"taxonomy":"category","embeddable":true,"href":"https:\/\/bursanaklo.pl\/index.php\/wp-json\/wp\/v2\/categories?post=1020"},{"taxonomy":"post_tag","embeddable":true,"href":"https:\/\/bursanaklo.pl\/index.php\/wp-json\/wp\/v2\/tags?post=1020"}],"curies":[{"name":"wp","href":"https:\/\/api.w.org\/{rel}","templated":true}]}}