{"id":1057,"date":"2019-04-29T14:57:16","date_gmt":"2019-04-29T12:57:16","guid":{"rendered":"https:\/\/bursanaklo.pl\/?p=1057"},"modified":"2019-04-29T14:57:16","modified_gmt":"2019-04-29T12:57:16","slug":"pozegnanie-wychowankow","status":"publish","type":"post","link":"https:\/\/bursanaklo.pl\/index.php\/2019\/04\/29\/pozegnanie-wychowankow\/","title":{"rendered":"Po\u017cegnanie wychowank\u00f3w"},"content":{"rendered":"\n\t\t\t\t\n<p><\/p>\n\n\n\n<p>W sali sportowej (auli) Zespo\u0142u Szk\u00f3\u0142 Centrum Kszta\u0142cenia Rolniczego w Nakle\u00a0 \u015al. w pi\u0105tek 26 czerwca 2019 roku odby\u0142o si\u0119 po\u017cegnanie absolwent\u00f3w technik\u00f3w wszystkich specjalno\u015bci jakie s\u0105 prowadzone w ZS CKR. W tym roku burs\u0119 opu\u015bci\u0142o 5 absolwent\u00f3w technik\u00f3w, w tym czterech wychowank\u00f3w to absolwenci ZS CKR w Nakle \u015al.. Ze wzgl\u0119du na nietypowy czas zako\u0144czenia dla nich roku szkolnego, podczas tego po\u017cegnania Dyrektor BURSY w Nakle \u015al. wr\u0119czy\u0142 upominki wychowankom bursy, kt\u00f3rzy zostali absolwentami ZS CKR. Upominki otrzymali: Kamila Kleszcz, El\u017cbieta Rozmus, Klaudia Szlacheta i Jakub Wr\u0119czycki. Dyrektor ZS CKR \u017cegna\u0142a uczni\u00f3w, a dyrektor bursy, kt\u00f3ry jest jednocze\u015bnie Prezesem Stowarzyszenia Absolwent\u00f3w powita\u0142 nowych koleg\u00f3w absolwent\u00f3w.  Po\u017cegnanie u\u015bwietni\u0142 wyst\u0119p m\u0119skiego ch\u00f3ru Pierwszej Szko\u0142y Artystycznej z Bekescsaba (W\u0119gry), kt\u00f3rzy przyjechali do ZS CKR w ramach kontakt\u00f3w Stowarzyszenia Absolwent\u00f3w Szk\u00f3\u0142 Rolniczych w Nakle \u015al. ze Stowarzyszeniem Kulturalnym Przyja\u017ani Polsko \u2013 W\u0119gierskiej w Bekescsaba.<\/p>\n\n\n\n<p>no images were found<\/p>\n\n\t\t","protected":false},"excerpt":{"rendered":"<p>W sali sportowej (auli) Zespo\u0142u Szk\u00f3\u0142 Centrum Kszta\u0142cenia Rolniczego w Nakle\u00a0 \u015al. w pi\u0105tek 26 czerwca 2019 roku odby\u0142o si\u0119 po\u017cegnanie absolwent\u00f3w technik\u00f3w wszystkich specjalno\u015bci jakie s\u0105 prowadzone w ZS CKR. W tym roku burs\u0119 opu\u015bci\u0142o 5 absolwent\u00f3w technik\u00f3w, w tym czterech wychowank\u00f3w to absolwenci ZS CKR w Nakle \u015al.. [&hellip;]<\/p>\n","protected":false},"author":1,"featured_media":0,"comment_status":"closed","ping_status":"open","sticky":false,"template":"","format":"standard","meta":{"ngg_post_thumbnail":0,"footnotes":""},"categories":[25],"tags":[],"class_list":["post-1057","post","type-post","status-publish","format-standard","hentry","category-bez-kategorii"],"_links":{"self":[{"href":"https:\/\/bursanaklo.pl\/index.php\/wp-json\/wp\/v2\/posts\/1057","targetHints":{"allow":["GET"]}}],"collection":[{"href":"https:\/\/bursanaklo.pl\/index.php\/wp-json\/wp\/v2\/posts"}],"about":[{"href":"https:\/\/bursanaklo.pl\/index.php\/wp-json\/wp\/v2\/types\/post"}],"author":[{"embeddable":true,"href":"https:\/\/bursanaklo.pl\/index.php\/wp-json\/wp\/v2\/users\/1"}],"replies":[{"embeddable":true,"href":"https:\/\/bursanaklo.pl\/index.php\/wp-json\/wp\/v2\/comments?post=1057"}],"version-history":[{"count":0,"href":"https:\/\/bursanaklo.pl\/index.php\/wp-json\/wp\/v2\/posts\/1057\/revisions"}],"wp:attachment":[{"href":"https:\/\/bursanaklo.pl\/index.php\/wp-json\/wp\/v2\/media?parent=1057"}],"wp:term":[{"taxonomy":"category","embeddable":true,"href":"https:\/\/bursanaklo.pl\/index.php\/wp-json\/wp\/v2\/categories?post=1057"},{"taxonomy":"post_tag","embeddable":true,"href":"https:\/\/bursanaklo.pl\/index.php\/wp-json\/wp\/v2\/tags?post=1057"}],"curies":[{"name":"wp","href":"https:\/\/api.w.org\/{rel}","templated":true}]}}