{"id":1067,"date":"2019-05-21T14:23:19","date_gmt":"2019-05-21T12:23:19","guid":{"rendered":"https:\/\/bursanaklo.pl\/?p=1067"},"modified":"2019-05-21T14:23:19","modified_gmt":"2019-05-21T12:23:19","slug":"zebranie-rodzicow-2","status":"publish","type":"post","link":"https:\/\/bursanaklo.pl\/index.php\/2019\/05\/21\/zebranie-rodzicow-2\/","title":{"rendered":"Zebranie Rodzic\u00f3w"},"content":{"rendered":"\n\t\t\t\t\n<p><\/p>\n\n\n\n<p>W zwi\u0105zku z zaleceniem Kuratorium O\u015bwiaty, w dniu 31 maja (pi\u0105tek) o godz. 15.30 odb\u0119dzie si\u0119 zebranie Rodzic\u00f3w wychowank\u00f3w BURSY w Nakle \u015al. z Dyrekcj\u0105. Tematem spotkania b\u0119dzie bezpiecze\u0144stwo wychowank\u00f3w\u00a0 w naszej bursie, z uwzgl\u0119dnieniem niedawnych wypad\u00f3w w szko\u0142ach.<\/p>\n\n\n\n<p>Opr\u00f3cz tego Dyrekcja odpowie na Pa\u0144stwa pytania zwi\u0105zane z pobytem waszych dzieci w naszej bursie.<\/p>\n\n\n\n<p>Serdecznie zapraszam<\/p>\n\n\n\n<p>Dyrektor<\/p>\n\n\n\n<p>Teodor Horzela<\/p>\n\t\t","protected":false},"excerpt":{"rendered":"<p>W zwi\u0105zku z zaleceniem Kuratorium O\u015bwiaty, w dniu 31 maja (pi\u0105tek) o godz. 15.30 odb\u0119dzie si\u0119 zebranie Rodzic\u00f3w wychowank\u00f3w BURSY w Nakle \u015al. z Dyrekcj\u0105. Tematem spotkania b\u0119dzie bezpiecze\u0144stwo wychowank\u00f3w\u00a0 w naszej bursie, z uwzgl\u0119dnieniem niedawnych wypad\u00f3w w szko\u0142ach. Opr\u00f3cz tego Dyrekcja odpowie na Pa\u0144stwa pytania zwi\u0105zane z pobytem waszych [&hellip;]<\/p>\n","protected":false},"author":1,"featured_media":0,"comment_status":"closed","ping_status":"open","sticky":false,"template":"","format":"standard","meta":{"ngg_post_thumbnail":0,"footnotes":""},"categories":[25],"tags":[],"class_list":["post-1067","post","type-post","status-publish","format-standard","hentry","category-bez-kategorii"],"_links":{"self":[{"href":"https:\/\/bursanaklo.pl\/index.php\/wp-json\/wp\/v2\/posts\/1067","targetHints":{"allow":["GET"]}}],"collection":[{"href":"https:\/\/bursanaklo.pl\/index.php\/wp-json\/wp\/v2\/posts"}],"about":[{"href":"https:\/\/bursanaklo.pl\/index.php\/wp-json\/wp\/v2\/types\/post"}],"author":[{"embeddable":true,"href":"https:\/\/bursanaklo.pl\/index.php\/wp-json\/wp\/v2\/users\/1"}],"replies":[{"embeddable":true,"href":"https:\/\/bursanaklo.pl\/index.php\/wp-json\/wp\/v2\/comments?post=1067"}],"version-history":[{"count":0,"href":"https:\/\/bursanaklo.pl\/index.php\/wp-json\/wp\/v2\/posts\/1067\/revisions"}],"wp:attachment":[{"href":"https:\/\/bursanaklo.pl\/index.php\/wp-json\/wp\/v2\/media?parent=1067"}],"wp:term":[{"taxonomy":"category","embeddable":true,"href":"https:\/\/bursanaklo.pl\/index.php\/wp-json\/wp\/v2\/categories?post=1067"},{"taxonomy":"post_tag","embeddable":true,"href":"https:\/\/bursanaklo.pl\/index.php\/wp-json\/wp\/v2\/tags?post=1067"}],"curies":[{"name":"wp","href":"https:\/\/api.w.org\/{rel}","templated":true}]}}