{"id":2282,"date":"2024-08-27T08:41:52","date_gmt":"2024-08-27T08:41:52","guid":{"rendered":"https:\/\/bursanaklo.pl\/?p=2282"},"modified":"2024-08-27T08:41:52","modified_gmt":"2024-08-27T08:41:52","slug":"informacja-o-przyjeciach","status":"publish","type":"post","link":"https:\/\/bursanaklo.pl\/index.php\/2024\/08\/27\/informacja-o-przyjeciach\/","title":{"rendered":"Informacja o przyj\u0119ciach."},"content":{"rendered":"<div class=\"html-div xdj266r x11i5rnm xat24cr x1mh8g0r xexx8yu x4uap5 x18d9i69 xkhd6sd\" dir=\"auto\">\n<div id=\":rbu:\" class=\"x1iorvi4 x1pi30zi x1l90r2v x1swvt13\" data-ad-comet-preview=\"message\" data-ad-preview=\"message\">\n<div class=\"x78zum5 xdt5ytf xz62fqu x16ldp7u\">\n<div class=\"xu06os2 x1ok221b\">\n<div class=\"xdj266r x11i5rnm xat24cr x1mh8g0r x1vvkbs x126k92a\">\n<div dir=\"auto\">W dniu 13 sierpnia 2024 roku, zosta\u0142y wys\u0142ane na adres rodzic\u00f3w\/opiekun\u00f3w informacje o przyj\u0119ciu do bursy na rok szkolny 2024\/2025.<\/div>\n<div dir=\"auto\">Informujemy, \u017ce wszystkie podania zosta\u0142y rozpatrzone pozytywnie.<\/div>\n<\/div>\n<\/div>\n<\/div>\n<\/div>\n<\/div>\n<div class=\"html-div xdj266r x11i5rnm xat24cr x1mh8g0r xexx8yu x4uap5 x18d9i69 xkhd6sd\" dir=\"auto\">\n<div id=\":rbu:\" class=\"x1iorvi4 x1pi30zi x1l90r2v x1swvt13\" data-ad-comet-preview=\"message\" data-ad-preview=\"message\">\n<div class=\"x78zum5 xdt5ytf xz62fqu x16ldp7u\">\n<div class=\"xu06os2 x1ok221b\">\n<div class=\"xdj266r x11i5rnm xat24cr x1mh8g0r x1vvkbs x126k92a\">\n<div dir=\"auto\">Poni\u017cej tre\u015b\u0107 pisma.<img loading=\"lazy\" decoding=\"async\" class=\"size-large wp-image-2284 aligncenter\" src=\"https:\/\/bursanaklo.pl\/wp-content\/uploads\/2024\/08\/Pismo1.jpg\" alt=\"\" width=\"568\" height=\"765\" srcset=\"https:\/\/bursanaklo.pl\/wp-content\/uploads\/2024\/08\/Pismo1.jpg 568w, https:\/\/bursanaklo.pl\/wp-content\/uploads\/2024\/08\/Pismo1-223x300.jpg 223w\" sizes=\"auto, (max-width: 568px) 100vw, 568px\" \/><img loading=\"lazy\" decoding=\"async\" class=\"size-full wp-image-2283 aligncenter\" src=\"https:\/\/bursanaklo.pl\/wp-content\/uploads\/2024\/08\/pismo2.jpg\" alt=\"\" width=\"580\" height=\"710\" srcset=\"https:\/\/bursanaklo.pl\/wp-content\/uploads\/2024\/08\/pismo2.jpg 580w, https:\/\/bursanaklo.pl\/wp-content\/uploads\/2024\/08\/pismo2-245x300.jpg 245w\" sizes=\"auto, (max-width: 580px) 100vw, 580px\" \/>&nbsp;<\/div>\n<\/div>\n<\/div>\n<\/div>\n<\/div>\n<\/div>\n","protected":false},"excerpt":{"rendered":"<p>W dniu 13 sierpnia 2024 roku, zosta\u0142y wys\u0142ane na adres rodzic\u00f3w\/opiekun\u00f3w informacje o przyj\u0119ciu do bursy na rok szkolny 2024\/2025. Informujemy, \u017ce wszystkie podania zosta\u0142y rozpatrzone pozytywnie. Poni\u017cej tre\u015b\u0107 pisma.&nbsp;<\/p>\n","protected":false},"author":1,"featured_media":0,"comment_status":"open","ping_status":"open","sticky":false,"template":"","format":"standard","meta":{"ngg_post_thumbnail":0,"footnotes":""},"categories":[1],"tags":[],"class_list":["post-2282","post","type-post","status-publish","format-standard","hentry","category-uncategorized"],"_links":{"self":[{"href":"https:\/\/bursanaklo.pl\/index.php\/wp-json\/wp\/v2\/posts\/2282","targetHints":{"allow":["GET"]}}],"collection":[{"href":"https:\/\/bursanaklo.pl\/index.php\/wp-json\/wp\/v2\/posts"}],"about":[{"href":"https:\/\/bursanaklo.pl\/index.php\/wp-json\/wp\/v2\/types\/post"}],"author":[{"embeddable":true,"href":"https:\/\/bursanaklo.pl\/index.php\/wp-json\/wp\/v2\/users\/1"}],"replies":[{"embeddable":true,"href":"https:\/\/bursanaklo.pl\/index.php\/wp-json\/wp\/v2\/comments?post=2282"}],"version-history":[{"count":1,"href":"https:\/\/bursanaklo.pl\/index.php\/wp-json\/wp\/v2\/posts\/2282\/revisions"}],"predecessor-version":[{"id":2285,"href":"https:\/\/bursanaklo.pl\/index.php\/wp-json\/wp\/v2\/posts\/2282\/revisions\/2285"}],"wp:attachment":[{"href":"https:\/\/bursanaklo.pl\/index.php\/wp-json\/wp\/v2\/media?parent=2282"}],"wp:term":[{"taxonomy":"category","embeddable":true,"href":"https:\/\/bursanaklo.pl\/index.php\/wp-json\/wp\/v2\/categories?post=2282"},{"taxonomy":"post_tag","embeddable":true,"href":"https:\/\/bursanaklo.pl\/index.php\/wp-json\/wp\/v2\/tags?post=2282"}],"curies":[{"name":"wp","href":"https:\/\/api.w.org\/{rel}","templated":true}]}}