{"id":2305,"date":"2025-03-19T13:15:13","date_gmt":"2025-03-19T13:15:13","guid":{"rendered":"https:\/\/bursanaklo.pl\/?p=2305"},"modified":"2025-03-19T13:15:13","modified_gmt":"2025-03-19T13:15:13","slug":"jubileuszowy-zjazd-absolwentow","status":"publish","type":"post","link":"https:\/\/bursanaklo.pl\/index.php\/2025\/03\/19\/jubileuszowy-zjazd-absolwentow\/","title":{"rendered":"Jubileuszowy Zjazd Absolwent\u00f3w"},"content":{"rendered":"<p><span style=\"font-size: 14pt;\"><strong>Jubileuszowy Zjazd Absolwent\u00f3w <\/strong><strong>z okazji 80\u2013lecia<\/strong><\/span><\/p>\n<p><span style=\"font-size: 14pt;\"><strong>Zespo\u0142u Szk\u00f3\u0142 Centrum Kszta\u0142cenia Rolniczego <\/strong><strong>w Nakle \u015al.<\/strong><\/span><\/p>\n<p><strong>&nbsp;<\/strong><\/p>\n<p><strong>W dniu 28 czerwca 2025 roku, wsp\u00f3lnie z Zespo\u0142em Szk\u00f3\u0142 Centrum Kszta\u0142cenia Rolniczego w Nakle \u015al., organizujemy uroczysto\u015bci z okazji<\/strong><\/p>\n<p><strong>80-lecia istnienia naszej Szko\u0142y. <\/strong><\/p>\n<p><strong>W zwi\u0105zku z powy\u017cszym Zarz\u0105d Stowarzyszenia podj\u0105\u0142 decyzj\u0119 o odp\u0142atno\u015bci za udzia\u0142 w Jubileuszowym Zje\u017adzie Absolwent\u00f3w.<\/strong><\/p>\n<p><strong>Absolwenci \u2013 120 z\u0142\/osoba ( w tym monografia, talon do bufetu o warto\u015bci 30 z\u0142)<\/strong><\/p>\n<p><strong>Osoba towarzysz\u0105ca \u2013 90 z\u0142\/osoba ( w tym talon do bufetu o warto\u015bci 30 z\u0142)<\/strong><\/p>\n<p><strong>Cz\u0142onek Stowarzyszenia do 2024 roku- 70 z\u0142\/osoba (w tym monografia i talon)<\/strong><\/p>\n<p><strong>nocleg w bursie \u2013 40 z\u0142\/osoba\/noc.<\/strong><\/p>\n<p><strong>Zarz\u0105d zwalnia z op\u0142at osoby kt\u00f3re b\u0119d\u0105 pomaga\u0107 przy rejestracji i innych pracach zwi\u0105zanych ze zjazdem.<\/strong><\/p>\n<p><strong>Wp\u0142aty prosimy dokonywa\u0107 na konto Stowarzyszenia z dopiskiem Zjazd i wyra\u017anym okre\u015bleniem za kogo wp\u0142ata jest zrobiona, z zaznaczeniem czy dotyczy absolwenta lub osoby towarzysz\u0105cej oraz noclegu. Brak tych wyra\u017anych informacji stwarza nam du\u017co problem\u00f3w.<\/strong><\/p>\n<p><span style=\"font-size: 14pt;\"><strong>Konto Stowarzyszenia ING SA:&nbsp;<\/strong><strong>10 1050 1386 1000 0022 8125 3209<\/strong><\/span><\/p>\n","protected":false},"excerpt":{"rendered":"<p>Jubileuszowy Zjazd Absolwent\u00f3w z okazji 80\u2013lecia Zespo\u0142u Szk\u00f3\u0142 Centrum Kszta\u0142cenia Rolniczego w Nakle \u015al. &nbsp; W dniu 28 czerwca 2025 roku, wsp\u00f3lnie z Zespo\u0142em Szk\u00f3\u0142 Centrum Kszta\u0142cenia Rolniczego w Nakle \u015al., organizujemy uroczysto\u015bci z okazji 80-lecia istnienia naszej Szko\u0142y. W zwi\u0105zku z powy\u017cszym Zarz\u0105d Stowarzyszenia podj\u0105\u0142 decyzj\u0119 o odp\u0142atno\u015bci za [&hellip;]<\/p>\n","protected":false},"author":1,"featured_media":0,"comment_status":"open","ping_status":"open","sticky":false,"template":"","format":"standard","meta":{"ngg_post_thumbnail":0,"footnotes":""},"categories":[1],"tags":[],"class_list":["post-2305","post","type-post","status-publish","format-standard","hentry","category-uncategorized"],"_links":{"self":[{"href":"https:\/\/bursanaklo.pl\/index.php\/wp-json\/wp\/v2\/posts\/2305","targetHints":{"allow":["GET"]}}],"collection":[{"href":"https:\/\/bursanaklo.pl\/index.php\/wp-json\/wp\/v2\/posts"}],"about":[{"href":"https:\/\/bursanaklo.pl\/index.php\/wp-json\/wp\/v2\/types\/post"}],"author":[{"embeddable":true,"href":"https:\/\/bursanaklo.pl\/index.php\/wp-json\/wp\/v2\/users\/1"}],"replies":[{"embeddable":true,"href":"https:\/\/bursanaklo.pl\/index.php\/wp-json\/wp\/v2\/comments?post=2305"}],"version-history":[{"count":1,"href":"https:\/\/bursanaklo.pl\/index.php\/wp-json\/wp\/v2\/posts\/2305\/revisions"}],"predecessor-version":[{"id":2306,"href":"https:\/\/bursanaklo.pl\/index.php\/wp-json\/wp\/v2\/posts\/2305\/revisions\/2306"}],"wp:attachment":[{"href":"https:\/\/bursanaklo.pl\/index.php\/wp-json\/wp\/v2\/media?parent=2305"}],"wp:term":[{"taxonomy":"category","embeddable":true,"href":"https:\/\/bursanaklo.pl\/index.php\/wp-json\/wp\/v2\/categories?post=2305"},{"taxonomy":"post_tag","embeddable":true,"href":"https:\/\/bursanaklo.pl\/index.php\/wp-json\/wp\/v2\/tags?post=2305"}],"curies":[{"name":"wp","href":"https:\/\/api.w.org\/{rel}","templated":true}]}}