{"id":2317,"date":"2025-05-23T10:57:58","date_gmt":"2025-05-23T10:57:58","guid":{"rendered":"https:\/\/bursanaklo.pl\/?p=2317"},"modified":"2025-05-23T10:57:58","modified_gmt":"2025-05-23T10:57:58","slug":"2317","status":"publish","type":"post","link":"https:\/\/bursanaklo.pl\/index.php\/2025\/05\/23\/2317\/","title":{"rendered":""},"content":{"rendered":"<p style=\"text-align: left;\">Jubileuszowy Zjazd Absolwent\u00f3w<\/p>\n<p style=\"text-align: left;\">28 czerwiec 2025<br \/>\n(informacja kolejna)<\/p>\n<p style=\"text-align: left;\">W zwi\u0105zku z pytaniami niekt\u00f3rych absolwent\u00f3w co si\u0119 mie\u015bci<br \/>\nw kwocie op\u0142aty uczestnictwa 120 z\u0142 wyja\u015bniamy:<br \/>\n&#8211; 40 z\u0142 \u2013 monografia wraz torb\u0105 reklamow\u0105<br \/>\n&#8211; 30 z\u0142 \u2013 talon gastronomiczny<br \/>\n&#8211; 50 z\u0142 \u2013 cz\u0119\u015bciowe koszty wynajmu sceny, namiot\u00f3w, \u0142awo-sto\u0142\u00f3w,<br \/>\nnag\u0142o\u015bnienia, podestu tanecznego oraz wyst\u0119p\u00f3w zespo\u0142u tanecznego.<br \/>\nWasze wp\u0142aty nie pokryj\u0105 nawet 30 % wszystkich koszt\u00f3w.<br \/>\nWi\u0119kszo\u015b\u0107 finansuje Stowarzyszenie.<br \/>\nJe\u017celi kogo\u015b nie sta\u0107 raz na 10 lat na 120 z\u0142, to nie wiemy o co chodzi.<br \/>\nJe\u017celi kto\u015b woli spotka\u0107 si\u0119 z kolegami z klasy gdzie\u015b indziej,<br \/>\nzamiast mie\u0107 mo\u017cliwo\u015b\u0107 spotkania z innymi rocznikami,<br \/>\nz nauczycielami i dowiedzie\u0107 si\u0119 czego\u015b nowego o naszej Szkole,<br \/>\nto trudno \u2013 to jego wyb\u00f3r.<\/p>\n<p style=\"text-align: left;\">Wej\u015bcie na teren b\u0119dzie tylko za okazaniem okazjonalnej<br \/>\nopaski wydawanej wy\u0142\u0105cznie osobom zapisanym.<br \/>\nSpotykamy teraz si\u0119 na podw\u00f3rku szkolnym !<br \/>\nWi\u0119cej o programie podamy w nast\u0119pnym komunikacie.<\/p>\n<p style=\"text-align: left;\">Nak\u0142o \u015al. 23.05.2023<\/p>\n","protected":false},"excerpt":{"rendered":"<p>Jubileuszowy Zjazd Absolwent\u00f3w 28 czerwiec 2025 (informacja kolejna) W zwi\u0105zku z pytaniami niekt\u00f3rych absolwent\u00f3w co si\u0119 mie\u015bci w kwocie op\u0142aty uczestnictwa 120 z\u0142 wyja\u015bniamy: &#8211; 40 z\u0142 \u2013 monografia wraz torb\u0105 reklamow\u0105 &#8211; 30 z\u0142 \u2013 talon gastronomiczny &#8211; 50 z\u0142 \u2013 cz\u0119\u015bciowe koszty wynajmu sceny, namiot\u00f3w, \u0142awo-sto\u0142\u00f3w, nag\u0142o\u015bnienia, podestu [&hellip;]<\/p>\n","protected":false},"author":1,"featured_media":0,"comment_status":"closed","ping_status":"open","sticky":false,"template":"","format":"standard","meta":{"ngg_post_thumbnail":0,"footnotes":""},"categories":[1],"tags":[],"class_list":["post-2317","post","type-post","status-publish","format-standard","hentry","category-uncategorized"],"_links":{"self":[{"href":"https:\/\/bursanaklo.pl\/index.php\/wp-json\/wp\/v2\/posts\/2317","targetHints":{"allow":["GET"]}}],"collection":[{"href":"https:\/\/bursanaklo.pl\/index.php\/wp-json\/wp\/v2\/posts"}],"about":[{"href":"https:\/\/bursanaklo.pl\/index.php\/wp-json\/wp\/v2\/types\/post"}],"author":[{"embeddable":true,"href":"https:\/\/bursanaklo.pl\/index.php\/wp-json\/wp\/v2\/users\/1"}],"replies":[{"embeddable":true,"href":"https:\/\/bursanaklo.pl\/index.php\/wp-json\/wp\/v2\/comments?post=2317"}],"version-history":[{"count":1,"href":"https:\/\/bursanaklo.pl\/index.php\/wp-json\/wp\/v2\/posts\/2317\/revisions"}],"predecessor-version":[{"id":2318,"href":"https:\/\/bursanaklo.pl\/index.php\/wp-json\/wp\/v2\/posts\/2317\/revisions\/2318"}],"wp:attachment":[{"href":"https:\/\/bursanaklo.pl\/index.php\/wp-json\/wp\/v2\/media?parent=2317"}],"wp:term":[{"taxonomy":"category","embeddable":true,"href":"https:\/\/bursanaklo.pl\/index.php\/wp-json\/wp\/v2\/categories?post=2317"},{"taxonomy":"post_tag","embeddable":true,"href":"https:\/\/bursanaklo.pl\/index.php\/wp-json\/wp\/v2\/tags?post=2317"}],"curies":[{"name":"wp","href":"https:\/\/api.w.org\/{rel}","templated":true}]}}