{"id":2320,"date":"2025-06-09T11:08:47","date_gmt":"2025-06-09T11:08:47","guid":{"rendered":"https:\/\/bursanaklo.pl\/?p=2320"},"modified":"2025-06-09T11:08:47","modified_gmt":"2025-06-09T11:08:47","slug":"program-obchodow-80-lecia","status":"publish","type":"post","link":"https:\/\/bursanaklo.pl\/index.php\/2025\/06\/09\/program-obchodow-80-lecia\/","title":{"rendered":"Program obchod\u00f3w 80-lecia"},"content":{"rendered":"<p style=\"text-align: center;\"><span style=\"font-size: 14pt;\">Program obchod\u00f3w 80-lecia<\/span><\/p>\n<p style=\"text-align: center;\"><span style=\"font-size: 14pt;\">Zespo\u0142u Szk\u00f3\u0142 Centrum Kszta\u0142cenia Rolniczego<\/span><br \/>\n<span style=\"font-size: 14pt;\">w Nakle \u015al. w dniu 28 czerwca 2025 roku<\/span><\/p>\n<p style=\"text-align: center;\"><span style=\"font-size: 14pt;\">Cz\u0119\u015b\u0107 organizowana przez ZS CKR Nak\u0142o \u015al.:<\/span><br \/>\n<span style=\"font-size: 14pt;\">-10.30 &#8211; wkopanie kapsu\u0142y czasu<\/span><br \/>\n<span style=\"font-size: 14pt;\">&#8211; 11.00 &#8211; uroczysta Akademia Jubileuszowa<\/span><br \/>\n<span style=\"font-size: 14pt;\">Cz\u0119\u015b\u0107 organizowana przez ZS CKR i Stowarzyszenie Absolwent\u00f3w:<\/span><br \/>\n<span style=\"font-size: 14pt;\">&#8211; 14.00 &#8211; uroczysta msza \u015bw.<\/span><br \/>\n<span style=\"font-size: 14pt;\">&#8211; 15.10 \u2013 przemarsz z orkiestra d\u0119t\u0105 z ko\u015bcio\u0142a na teren szko\u0142y<\/span><br \/>\n<span style=\"font-size: 14pt;\">Cz\u0119\u015b\u0107 organizowana przez Stowarzyszenie Absolwent\u00f3w:<\/span><br \/>\n<span style=\"font-size: 14pt;\">&#8211; 15.30 \u2013 kr\u00f3tki wyst\u0119p orkiestry d\u0119tej OSP T\u0105pkowice<\/span><br \/>\n<span style=\"font-size: 14pt;\">&#8211; 16.00 \u2013 otwarcie Zjazdu Absolwent\u00f3w i wyst\u0119p m\u0142odzie\u017cy szkolnej<\/span><br \/>\n<span style=\"font-size: 14pt;\">&#8211; 17.00 \u2013 17.40 &#8211; wyst\u0119p Perfect B-Music Beata MA\u0143KOWKA<\/span><br \/>\n<span style=\"font-size: 14pt;\">&#8211; 17.50 \u2013 18.30 \u2013 przyjaciele ze \u201e\u015aL\u0104SKA\u201d<\/span><br \/>\n<span style=\"font-size: 14pt;\">&#8211; 18.40 \u2013 20.00 \u2013 \u201eMuzyczny koktajl\u201d Mariusz KALAGA<\/span><br \/>\n<span style=\"font-size: 14pt;\">&#8211; 20.00 \u2013 24.00 \u2013 zabawa taneczna, gra zesp\u00f3\u0142 \u201ePrzerwa na kaw\u0119\u201d<\/span><br \/>\n<span style=\"font-size: 14pt;\">Absolwenci mile widziani na cz\u0119\u015bci oficjalnej Szkolnej !!!<\/span><br \/>\n<span style=\"font-size: 14pt;\">Rejestracja uczestnik\u00f3w Zjazdu Absolwent\u00f3w od godz. 11.00 do 17.00 przy<\/span><br \/>\n<span style=\"font-size: 14pt;\">bramie wej\u015bciowej na teren podw\u00f3rka szkolnego.<\/span><br \/>\n<span style=\"font-size: 14pt;\">Zakwaterowanie w bursie od godz. 11.00.<\/span><br \/>\n<span style=\"font-size: 14pt;\">Parking zlokalizowany na terenie CEKU\u015a (park przy pa\u0142acu, wjazd bram\u0105<\/span><br \/>\n<span style=\"font-size: 14pt;\">g\u0142\u00f3wn\u0105 do pa\u0142acu i w prawo.<\/span><\/p>\n<p style=\"text-align: center;\"><span style=\"font-size: 14pt;\">Wp\u0142aty przelewem dokona\u0107 na konto Stowarzyszenia Absolwent\u00f3w Szk\u00f3\u0142<\/span><br \/>\n<span style=\"font-size: 14pt;\">Rolniczych w Nakle \u015al. do dnia 23 czerwca 2025.<\/span><br \/>\n<span style=\"font-size: 14pt;\">Nasze konto bankowe w ING SA: 10 1050 1386 1000 0022 8125 3209<\/span><br \/>\n<span style=\"font-size: 14pt;\">Op\u0142ata wynosi: 120 z\u0142 \u2013 absolwent, 90 z\u0142 &#8211; osoba towarzysz\u0105ca, 70 z\u0142 &#8211; cz\u0142onek<\/span><br \/>\n<span style=\"font-size: 14pt;\">Stowarzyszenia, 40 z\u0142 \u2013 nocleg.<\/span><br \/>\n<span style=\"font-size: 14pt;\">Wp\u0142aty got\u00f3wk\u0105 mo\u017cna dokona\u0107 u kol. Teodora Horzela w Nakle \u015al. przy<\/span><br \/>\n<span style=\"font-size: 14pt;\">ul. Powsta\u0144c\u00f3w 18, do dnia 25 czerwca 2025.<\/span><br \/>\n<span style=\"font-size: 14pt;\">W dniu zjazdu op\u0142aty wzrastaj\u0105 o 10 z\u0142, w tym dniu nie przyjmujemy<\/span><br \/>\n<span style=\"font-size: 14pt;\">rezerwacji na noclegi.<\/span><\/p>\n","protected":false},"excerpt":{"rendered":"<p>Program obchod\u00f3w 80-lecia Zespo\u0142u Szk\u00f3\u0142 Centrum Kszta\u0142cenia Rolniczego w Nakle \u015al. w dniu 28 czerwca 2025 roku Cz\u0119\u015b\u0107 organizowana przez ZS CKR Nak\u0142o \u015al.: -10.30 &#8211; wkopanie kapsu\u0142y czasu &#8211; 11.00 &#8211; uroczysta Akademia Jubileuszowa Cz\u0119\u015b\u0107 organizowana przez ZS CKR i Stowarzyszenie Absolwent\u00f3w: &#8211; 14.00 &#8211; uroczysta msza \u015bw. &#8211; [&hellip;]<\/p>\n","protected":false},"author":1,"featured_media":0,"comment_status":"closed","ping_status":"open","sticky":false,"template":"","format":"standard","meta":{"ngg_post_thumbnail":0,"footnotes":""},"categories":[1],"tags":[],"class_list":["post-2320","post","type-post","status-publish","format-standard","hentry","category-uncategorized"],"_links":{"self":[{"href":"https:\/\/bursanaklo.pl\/index.php\/wp-json\/wp\/v2\/posts\/2320","targetHints":{"allow":["GET"]}}],"collection":[{"href":"https:\/\/bursanaklo.pl\/index.php\/wp-json\/wp\/v2\/posts"}],"about":[{"href":"https:\/\/bursanaklo.pl\/index.php\/wp-json\/wp\/v2\/types\/post"}],"author":[{"embeddable":true,"href":"https:\/\/bursanaklo.pl\/index.php\/wp-json\/wp\/v2\/users\/1"}],"replies":[{"embeddable":true,"href":"https:\/\/bursanaklo.pl\/index.php\/wp-json\/wp\/v2\/comments?post=2320"}],"version-history":[{"count":1,"href":"https:\/\/bursanaklo.pl\/index.php\/wp-json\/wp\/v2\/posts\/2320\/revisions"}],"predecessor-version":[{"id":2321,"href":"https:\/\/bursanaklo.pl\/index.php\/wp-json\/wp\/v2\/posts\/2320\/revisions\/2321"}],"wp:attachment":[{"href":"https:\/\/bursanaklo.pl\/index.php\/wp-json\/wp\/v2\/media?parent=2320"}],"wp:term":[{"taxonomy":"category","embeddable":true,"href":"https:\/\/bursanaklo.pl\/index.php\/wp-json\/wp\/v2\/categories?post=2320"},{"taxonomy":"post_tag","embeddable":true,"href":"https:\/\/bursanaklo.pl\/index.php\/wp-json\/wp\/v2\/tags?post=2320"}],"curies":[{"name":"wp","href":"https:\/\/api.w.org\/{rel}","templated":true}]}}