{"id":520,"date":"2016-10-20T09:43:25","date_gmt":"2016-10-20T07:43:25","guid":{"rendered":"https:\/\/bursanaklo.pl\/?p=520"},"modified":"2016-10-20T09:43:25","modified_gmt":"2016-10-20T07:43:25","slug":"dzien-edukacji-narodowej","status":"publish","type":"post","link":"https:\/\/bursanaklo.pl\/index.php\/2016\/10\/20\/dzien-edukacji-narodowej\/","title":{"rendered":"Dzie\u0144 Edukacji Narodowej"},"content":{"rendered":"<p>\t\t\t\tZ okazji Dnia Edukacji Narodowej w dniu 11 pa\u017adziernika spotkali si\u0119 przy kawie pracownicy bursy.<br \/>\nZ tej okazji Prezes &#8211; Teodor Horzela wr\u0119czy\u0142 wszystkim pracownikom drobne upominki pieni\u0119\u017cne.<\/p>\n<p style=\"text-align: center;\"><p>Invalid Displayed Gallery<\/p><\/p>\n","protected":false},"excerpt":{"rendered":"<p>Z okazji Dnia Edukacji Narodowej w dniu 11 pa\u017adziernika spotkali si\u0119 przy kawie pracownicy bursy. Z tej okazji Prezes &#8211; Teodor Horzela wr\u0119czy\u0142 wszystkim pracownikom drobne upominki pieni\u0119\u017cne. Invalid Displayed Gallery<\/p>\n","protected":false},"author":1,"featured_media":0,"comment_status":"closed","ping_status":"open","sticky":false,"template":"","format":"standard","meta":{"ngg_post_thumbnail":0,"footnotes":""},"categories":[25],"tags":[],"class_list":["post-520","post","type-post","status-publish","format-standard","hentry","category-bez-kategorii"],"_links":{"self":[{"href":"https:\/\/bursanaklo.pl\/index.php\/wp-json\/wp\/v2\/posts\/520","targetHints":{"allow":["GET"]}}],"collection":[{"href":"https:\/\/bursanaklo.pl\/index.php\/wp-json\/wp\/v2\/posts"}],"about":[{"href":"https:\/\/bursanaklo.pl\/index.php\/wp-json\/wp\/v2\/types\/post"}],"author":[{"embeddable":true,"href":"https:\/\/bursanaklo.pl\/index.php\/wp-json\/wp\/v2\/users\/1"}],"replies":[{"embeddable":true,"href":"https:\/\/bursanaklo.pl\/index.php\/wp-json\/wp\/v2\/comments?post=520"}],"version-history":[{"count":0,"href":"https:\/\/bursanaklo.pl\/index.php\/wp-json\/wp\/v2\/posts\/520\/revisions"}],"wp:attachment":[{"href":"https:\/\/bursanaklo.pl\/index.php\/wp-json\/wp\/v2\/media?parent=520"}],"wp:term":[{"taxonomy":"category","embeddable":true,"href":"https:\/\/bursanaklo.pl\/index.php\/wp-json\/wp\/v2\/categories?post=520"},{"taxonomy":"post_tag","embeddable":true,"href":"https:\/\/bursanaklo.pl\/index.php\/wp-json\/wp\/v2\/tags?post=520"}],"curies":[{"name":"wp","href":"https:\/\/api.w.org\/{rel}","templated":true}]}}