{"id":831,"date":"2017-10-13T09:58:35","date_gmt":"2017-10-13T07:58:35","guid":{"rendered":"https:\/\/bursanaklo.pl\/?p=831"},"modified":"2017-10-13T09:58:35","modified_gmt":"2017-10-13T07:58:35","slug":"dzien-edukacji-narodowej-2","status":"publish","type":"post","link":"https:\/\/bursanaklo.pl\/index.php\/2017\/10\/13\/dzien-edukacji-narodowej-2\/","title":{"rendered":"Dzie\u0144 Edukacji Narodowej"},"content":{"rendered":"<p>\t\t\t\tJutro Dzie\u0144 Edukacji Narodowej, ale my ju\u017c dzisiaj sk\u0142adamy \u017cyczenia naszym nauczycielom i pracownikom, dzi\u0119kujemy za ci\u0119\u017ck\u0105 prac\u0119, w kt\u00f3r\u0105 wk\u0142adacie tyle serca, by naszym wychowankom by\u0142o w Bursie jak najprzyjemniej .\t\t<\/p>\n","protected":false},"excerpt":{"rendered":"<p>Jutro Dzie\u0144 Edukacji Narodowej, ale my ju\u017c dzisiaj sk\u0142adamy \u017cyczenia naszym nauczycielom i pracownikom, dzi\u0119kujemy za ci\u0119\u017ck\u0105 prac\u0119, w kt\u00f3r\u0105 wk\u0142adacie tyle serca, by naszym wychowankom by\u0142o w Bursie jak najprzyjemniej .<\/p>\n","protected":false},"author":1,"featured_media":0,"comment_status":"closed","ping_status":"open","sticky":false,"template":"","format":"standard","meta":{"ngg_post_thumbnail":0,"footnotes":""},"categories":[25],"tags":[],"class_list":["post-831","post","type-post","status-publish","format-standard","hentry","category-bez-kategorii"],"_links":{"self":[{"href":"https:\/\/bursanaklo.pl\/index.php\/wp-json\/wp\/v2\/posts\/831","targetHints":{"allow":["GET"]}}],"collection":[{"href":"https:\/\/bursanaklo.pl\/index.php\/wp-json\/wp\/v2\/posts"}],"about":[{"href":"https:\/\/bursanaklo.pl\/index.php\/wp-json\/wp\/v2\/types\/post"}],"author":[{"embeddable":true,"href":"https:\/\/bursanaklo.pl\/index.php\/wp-json\/wp\/v2\/users\/1"}],"replies":[{"embeddable":true,"href":"https:\/\/bursanaklo.pl\/index.php\/wp-json\/wp\/v2\/comments?post=831"}],"version-history":[{"count":0,"href":"https:\/\/bursanaklo.pl\/index.php\/wp-json\/wp\/v2\/posts\/831\/revisions"}],"wp:attachment":[{"href":"https:\/\/bursanaklo.pl\/index.php\/wp-json\/wp\/v2\/media?parent=831"}],"wp:term":[{"taxonomy":"category","embeddable":true,"href":"https:\/\/bursanaklo.pl\/index.php\/wp-json\/wp\/v2\/categories?post=831"},{"taxonomy":"post_tag","embeddable":true,"href":"https:\/\/bursanaklo.pl\/index.php\/wp-json\/wp\/v2\/tags?post=831"}],"curies":[{"name":"wp","href":"https:\/\/api.w.org\/{rel}","templated":true}]}}