{"id":885,"date":"2017-12-29T09:23:23","date_gmt":"2017-12-29T08:23:23","guid":{"rendered":"https:\/\/bursanaklo.pl\/?p=885"},"modified":"2017-12-29T09:23:23","modified_gmt":"2017-12-29T08:23:23","slug":"wigilia-w-bursie-2","status":"publish","type":"post","link":"https:\/\/bursanaklo.pl\/index.php\/2017\/12\/29\/wigilia-w-bursie-2\/","title":{"rendered":"Wigilia w Bursie"},"content":{"rendered":"<p>\t\t\t\tTradycyjnie ju\u017c od 12 lat przed \u015bwi\u0119tami Bo\u017cego Narodzenia w naszej bursie jest wigilia dla wychowank\u00f3w, pracownik\u00f3w i zaproszonych go\u015bci.<br \/>\nW tym roku spotkali\u015bmy si\u0119 19 grudnia. W wigilii go\u015b\u0107mi byli przedstawiciele ZS CKR w Nakle \u015al. z Pani\u0105 Dyrektor \u0141ucj\u0105 Chrz\u0119stek Bar, proboszcz nakielskiej parafii Eugeniusz Bill, przedstawiciele rodzic\u00f3w z Rady Rodzic\u00f3w, przedstawiciele Stowarzyszenia Absolwent\u00f3w naszej Szko\u0142y, byli wychowankowie.<br \/>\nKa\u017cdego roku jest przygotowywane na t\u0119 okazj\u0119 przedstawienie, w tym roku by\u0142a to pi\u0119kna i wzruszaj\u0105ca inscenizacja.<br \/>\nT\u0105 drog\u0105 Wychowawcy serdecznie dzi\u0119kuj\u0105 wszystkim bior\u0105cym udzia\u0142 wychowankom. Dzi\u0119kujemy r\u00f3wnie\u017c, tym kt\u00f3rzy byli obecni na wigilii. Niestety jak co roku znalaz\u0142y si\u0119 osoby (dobrze \u017ce nieliczne), kt\u00f3re nie bior\u0105 udzia\u0142u w przygotowaniach i nie szanuj\u0105 zaanga\u017cowania Kole\u017canek i Koleg\u00f3w&nbsp; i wol\u0105 wyjecha\u0107 do domu.<br \/>\nW trakcie wigilii zosta\u0142y wr\u0119czone dyplomy i puchary za turniej tenisa sto\u0142owego. W kategorii kobiet puchar Dyrektora BURSY w Nakle \u015al. otrzyma\u0142a Julia Kansy, a w kategorii m\u0119\u017cczyzn puchar otrzyma\u0142 Jacek Famu\u0142a. Przed&nbsp; \u015bpiewaniem kol\u0119d Dyrektor na tegoroczne &#8222;dzieci\u0105tko&#8221; przekaza\u0142 wychowankom prezent &#8211; telewizor 50&#8243; 4K.<br \/>\nM\u0142odzie\u017c przyj\u0119\u0142a prezent oklaskami.&nbsp; \u017byczymy naszej m\u0142odzie\u017cy Dosiego Roku i mi\u0142ego pobytu w bursie.<\/p>\n<p>no images were found<\/p>\n\n","protected":false},"excerpt":{"rendered":"<p>Tradycyjnie ju\u017c od 12 lat przed \u015bwi\u0119tami Bo\u017cego Narodzenia w naszej bursie jest wigilia dla wychowank\u00f3w, pracownik\u00f3w i zaproszonych go\u015bci. W tym roku spotkali\u015bmy si\u0119 19 grudnia. W wigilii go\u015b\u0107mi byli przedstawiciele ZS CKR w Nakle \u015al. z Pani\u0105 Dyrektor \u0141ucj\u0105 Chrz\u0119stek Bar, proboszcz nakielskiej parafii Eugeniusz Bill, przedstawiciele rodzic\u00f3w [&hellip;]<\/p>\n","protected":false},"author":1,"featured_media":0,"comment_status":"closed","ping_status":"open","sticky":false,"template":"","format":"standard","meta":{"ngg_post_thumbnail":0,"footnotes":""},"categories":[25],"tags":[],"class_list":["post-885","post","type-post","status-publish","format-standard","hentry","category-bez-kategorii"],"_links":{"self":[{"href":"https:\/\/bursanaklo.pl\/index.php\/wp-json\/wp\/v2\/posts\/885","targetHints":{"allow":["GET"]}}],"collection":[{"href":"https:\/\/bursanaklo.pl\/index.php\/wp-json\/wp\/v2\/posts"}],"about":[{"href":"https:\/\/bursanaklo.pl\/index.php\/wp-json\/wp\/v2\/types\/post"}],"author":[{"embeddable":true,"href":"https:\/\/bursanaklo.pl\/index.php\/wp-json\/wp\/v2\/users\/1"}],"replies":[{"embeddable":true,"href":"https:\/\/bursanaklo.pl\/index.php\/wp-json\/wp\/v2\/comments?post=885"}],"version-history":[{"count":0,"href":"https:\/\/bursanaklo.pl\/index.php\/wp-json\/wp\/v2\/posts\/885\/revisions"}],"wp:attachment":[{"href":"https:\/\/bursanaklo.pl\/index.php\/wp-json\/wp\/v2\/media?parent=885"}],"wp:term":[{"taxonomy":"category","embeddable":true,"href":"https:\/\/bursanaklo.pl\/index.php\/wp-json\/wp\/v2\/categories?post=885"},{"taxonomy":"post_tag","embeddable":true,"href":"https:\/\/bursanaklo.pl\/index.php\/wp-json\/wp\/v2\/tags?post=885"}],"curies":[{"name":"wp","href":"https:\/\/api.w.org\/{rel}","templated":true}]}}